{"id":15622,"date":"2022-03-02T13:30:11","date_gmt":"2022-03-02T12:30:11","guid":{"rendered":"https:\/\/ayto.mutxamel.org\/?p=15622"},"modified":"2023-12-04T09:50:46","modified_gmt":"2023-12-04T08:50:46","slug":"mutxamel-organitza-una-campanya-urgent-de-recollida-de-medicaments-i-material-sanitari-basic-per-a-ajudar-a-ucraina","status":"publish","type":"post","link":"https:\/\/dev.mutxamel.org\/ca\/mutxamel-organitza-una-campanya-urgent-de-recollida-de-medicaments-i-material-sanitari-basic-per-a-ajudar-a-ucraina\/","title":{"rendered":"MUTXAMEL ORGANITZA UNA CAMPANYA URGENT DE RECOLLIDA DE MEDICAMENTS I MATERIAL SANITARI B\u00c0SIC PER A AJUDAR A UCRA\u00cfNA"},"content":{"rendered":"\n<p>Mutxamel, 2 de mar\u00e7 de 2022<\/p>\n\n\n\n<p><strong><em>Les donacions, que es poden realitzar a la Casa de Cultura i en la Parr\u00f2quia, s&#8217;enviaran en combois sanitaris als quals permeten travessar les fronteres<\/em><\/strong><\/p>\n\n\n\n<p>L&#8217;Ajuntament de Mutxamel ha posat en marxa una campanya urgent de recollida de medicaments i material sanitari b\u00e0sic de primera necessitat, per a enviar al m\u00e9s prompte possible a Ucra\u00efna, on milers de persones col\u00b7lapsen els hospitals i temen per la seua vida des que R\u00fassia va ordenar la invasi\u00f3 del pa\u00eds. La campanya solid\u00e0ria promoguda per l&#8217;Ajuntament de Mutxamel es dirigix tant a tota la ciutadania com als col\u00b7lectius, associacions, empreses o entitats locals que vulguen aportar el seu gra d&#8217;arena a esta onada solid\u00e0ria a favor del poble ucra\u00efn\u00e9s.<\/p>\n\n\n\n<p>Tota persona que vulga sumar-se a esta campanya d&#8217;ajuda ha d&#8217;entregar els medicaments i el material sanitari que desitge -sempre que estiga en bones condicions de caducitat i \u00fas- en dos ubicacions: la Casa de Cultura de Mutxamel (situada en el Passeig de la Festa, s\/n), i en la parr\u00f2quia del Salvador. A la Casa de Cultura, l&#8217;horari d&#8217;atenci\u00f3 al p\u00fablic ser\u00e0, de dilluns a divendres, al mat\u00ed de 8 a 14.00 hores, i a la vesprada, de 16 a 22.00 hores; i els dissabtes tamb\u00e9 estar\u00e0 obert de 9.30 a 14.00 hores i de 17 a 22.00 hores. I en el temple parroquial, es podran realitzar donacions de medicaments de dilluns a diumenge, de 18.30 a 20.00 hores.<\/p>\n\n\n\n<p>Tota l&#8217;ajuda que s&#8217;entregue ser\u00e0 canalitzada a trav\u00e9s de ciutadans ucra\u00efnesos, residents a Mutxamel, que tenen contacte directe amb els canals d&#8217;ajuda solid\u00e0ria oberts en aquest pa\u00eds, relacionats amb les associacions d&#8217;ucra\u00efnesos que existeixen per la prov\u00edncia d&#8217;Alacant. Precisament, el fet de sol\u00b7licitar \u00fanicament f\u00e0rmacs i material sanitari \u00e9s perqu\u00e8 amb el tancament de fronteres, \u00fanicament s&#8217;est\u00e0 deixant passar combois sanitaris amb productes imprescindibles en hospitals i centres de salut.<\/p>\n\n\n\n<p>Al costat de l&#8217;ajuda solid\u00e0ria aportada per la ciutadania de Mutxamel, l&#8217;Ajuntament ja est\u00e0 posant en marxa diversos canals per a realitzar diferents aportacions a esta campanya. L&#8217;objectiu fonamental \u00e9s centrar les aportacions en un tipus de productes: els sanitaris i medicaments, les exist\u00e8ncies dels quals s\u00f3n fonamentals en tot conflicte b\u00e8l\u00b7lic com el que s&#8217;est\u00e0 vivint ara a l&#8217;Europa de l&#8217;Est.<\/p>\n\n\n\n<p><strong>Llista de f\u00e0rmacs<\/strong><\/p>\n\n\n\n<p>A manera de suggeriment, entre els medicaments que els hospitals d&#8217;Ucra\u00efna necessiten en l&#8217;actualitat estan Betadine, aigua oxigenada, s\u00e8rum fisiol\u00f2gic, benes de tota mena, Silviderma, Linitul, Arnfibrilina, Paracetamol, Ibuprofeno, analg\u00e8sics, Nolotil, torniquets, esparadrap, cot\u00f3, Aspirina, Omeprazol, Ramipil, Salbutamol, Amoxicilina, corticoides t\u00f2pics, antihistam\u00ednics orals.<\/p>\n\n\n\n<p>Tamb\u00e9 s\u00f3n imprescindibles tots els productes que es puguen destinar a l\u2019atenci\u00f3 de menors, com bolquers, llet en pols per a beb\u00e9s i medicaments en dosis infantils.<\/p>\n\n\n\n<p>Una altra l\u00ednia de productes necessaris s\u00f3n farmacioles amb material b\u00e0sic de primers auxilis, ap\u00f2sits hemost\u00e0tics absorbibles, gases est\u00e8rils, embenatges contra cremades, tovalloletes est\u00e8rils, guants i mascaretes protectores d&#8217;ulls. A m\u00e9s, entre les necessitats b\u00e0siques de material que es reclama des d&#8217;Ucra\u00efna est\u00e0 abundant material de dotaci\u00f3 hospital\u00e0ria, com lliteres, sistemes de ventilaci\u00f3 o f\u00e8rules, productes de m\u00e9s dif\u00edcil acc\u00e9s per a la ciutadania en general.<\/p>\n\n\n\n<figure class=\"wp-block-image size-large\"><img decoding=\"async\" src=\"https:\/\/ayto.mutxamel.org\/wp-content\/uploads\/Ayuda-Ucrania-Medicamentos-Valenciano-724x1024.jpg\" alt=\"Cartell not\u00edcia\" class=\"wp-image-15623\"\/><\/figure>\n","protected":false},"excerpt":{"rendered":"<p>Mutxamel, 2 de mar\u00e7 de 2022 Les donacions, que es poden realitzar a la Casa de Cultura i en la Parr\u00f2quia, s&#8217;enviaran en combois sanitaris als quals permeten travessar les fronteres L&#8217;Ajuntament de Mutxamel ha posat en marxa una campanya urgent de recollida de medicaments i material sanitari b\u00e0sic de primera necessitat, per a enviar&#8230;<\/p>\n","protected":false},"author":5,"featured_media":15624,"comment_status":"closed","ping_status":"closed","sticky":false,"template":"","format":"standard","meta":{"footnotes":""},"categories":[464,432,282],"tags":[332,496],"class_list":["post-15622","post","type-post","status-publish","format-standard","has-post-thumbnail","hentry","category-comunicacio","category-notes-de-premsa","category-noticies","tag-gabinetcomunicacio","tag-gabinete-de-comunicacion"],"acf":[],"_links":{"self":[{"href":"https:\/\/dev.mutxamel.org\/ca\/wp-json\/wp\/v2\/posts\/15622","targetHints":{"allow":["GET"]}}],"collection":[{"href":"https:\/\/dev.mutxamel.org\/ca\/wp-json\/wp\/v2\/posts"}],"about":[{"href":"https:\/\/dev.mutxamel.org\/ca\/wp-json\/wp\/v2\/types\/post"}],"author":[{"embeddable":true,"href":"https:\/\/dev.mutxamel.org\/ca\/wp-json\/wp\/v2\/users\/5"}],"replies":[{"embeddable":true,"href":"https:\/\/dev.mutxamel.org\/ca\/wp-json\/wp\/v2\/comments?post=15622"}],"version-history":[{"count":1,"href":"https:\/\/dev.mutxamel.org\/ca\/wp-json\/wp\/v2\/posts\/15622\/revisions"}],"predecessor-version":[{"id":36804,"href":"https:\/\/dev.mutxamel.org\/ca\/wp-json\/wp\/v2\/posts\/15622\/revisions\/36804"}],"wp:featuredmedia":[{"embeddable":true,"href":"https:\/\/dev.mutxamel.org\/ca\/wp-json\/"}],"wp:attachment":[{"href":"https:\/\/dev.mutxamel.org\/ca\/wp-json\/wp\/v2\/media?parent=15622"}],"wp:term":[{"taxonomy":"category","embeddable":true,"href":"https:\/\/dev.mutxamel.org\/ca\/wp-json\/wp\/v2\/categories?post=15622"},{"taxonomy":"post_tag","embeddable":true,"href":"https:\/\/dev.mutxamel.org\/ca\/wp-json\/wp\/v2\/tags?post=15622"}],"curies":[{"name":"wp","href":"https:\/\/api.w.org\/{rel}","templated":true}]}}