{"id":15789,"date":"2022-03-04T13:37:19","date_gmt":"2022-03-04T12:37:19","guid":{"rendered":"https:\/\/ayto.mutxamel.org\/?p=15789"},"modified":"2022-03-08T13:43:34","modified_gmt":"2022-03-08T13:43:34","slug":"mutxamel-celebra-el-8-de-marc-amb-una-concentracio-en-suport-als-drets-de-la-dona","status":"publish","type":"post","link":"https:\/\/dev.mutxamel.org\/ca\/mutxamel-celebra-el-8-de-marc-amb-una-concentracio-en-suport-als-drets-de-la-dona\/","title":{"rendered":"Mutxamel celebra el 8 de Mar\u00e7 amb una concentraci\u00f3 en suport als drets de la dona"},"content":{"rendered":"\n<p><strong><em>En l&#8217;acte, obert a la ciutadania i amb participaci\u00f3 del col\u00b7lectiu laboral municipal, es llig un manifest que reclama reduir desigualtats entre h\u00f2mens i dones<\/em><\/strong><\/p>\n\n\n\n<p><em>8 de mar\u00e7 de 2022<\/em><\/p>\n\n\n\n<p>La porta de l&#8217;Ajuntament de Mutxamel ha sigut, un any m\u00e9s, l&#8217;escenari triat per a la lectura d&#8217;un manifest amb motiu del Dia Internacional de la Dona. A les 12 hores de hui, 8 de Mar\u00e7, ha tingut lloc una concentraci\u00f3 oberta a la ciutadania, en la qual ha participat el col\u00b7lectiu laboral municipal. Tamb\u00e9 han participat regidors dels grups pol\u00edtics PP, Cs, PSOE, Comprom\u00eds i Podem, encap\u00e7alats per l&#8217;alcalde de Mutxamel, Sebasti\u00e1n Ca\u00f1adas.<\/p>\n\n\n\n<p>En este acte s&#8217;ha llegit la moci\u00f3 sobre el Dia Internacional de la Dona aprovada en l&#8217;\u00faltim ple de la corporaci\u00f3 pels grups municipals del Partit Popular, Ciudadanos, Socialista, Comprom\u00eds i Podem. En esta moci\u00f3 els principals acords indiquen la necessitat de \u201crecordar que la igualtat entre la dona i l&#8217;home, aix\u00ed com el reconeixement i el respecte dels drets de la dona, s\u00f3n condicions indispensables per a la consolidaci\u00f3 de l&#8217;estat de dret\u201d.<\/p>\n\n\n\n<div class=\"wp-block-image\"><figure class=\"aligncenter\"><img decoding=\"async\" src=\"https:\/\/ayto.mutxamel.org\/wp-content\/uploads\/concentracion-8-marzo-ayuntamiento-mutxamel-web-1.jpg\" alt=\"La imagen tiene un atributo ALT vac\u00edo; su nombre de archivo es concentracion-8-marzo-ayuntamiento-mutxamel-web-1.jpg\" \/><\/figure><\/div>\n\n\n\n<p>El text, llegit per la regidora d&#8217;Igualtat Inmaculada P\u00e9rez, reclama \u201creduir les desigualtats que encara existixen en l&#8217;\u00e0mbit de l&#8217;ocupaci\u00f3, sobretot en l&#8217;acc\u00e9s a llocs de responsabilitat, fins a aconseguir la igualtat total amb especial incid\u00e8ncia en les desigualtats retributives quant a l&#8217;\u00e0mbit econ\u00f2mic\u201d. Tamb\u00e9 demana \u201ccontinuar impulsant totes les accions que siguen necess\u00e0ries per a aconseguir la igualtat real i efectiva entre les dones i els h\u00f2mens, condici\u00f3 imprescindible perqu\u00e8 una societat democr\u00e0tica avance\u201d. Esta moci\u00f3 compromet \u201ca treballar de manera individual i col\u00b7lectiva, com a Administraci\u00f3 Local m\u00e9s pr\u00f2xima a les ciutadanes i els ciutadans, per a assegurar la conscienciaci\u00f3 de les realitats i de les necessitats de la dona, especialment a trav\u00e9s de les lleis i dels pressupostos\u201d.<\/p>\n\n\n\n<p>Altres accions recollides per la moci\u00f3 s\u00f3n \u201cpromoure pol\u00edtiques que permeten la corresponsabilitat en la vida laboral i familiar de dones i d&#8217;h\u00f2mens, i el compliment de la Llei per a la Igualtat efectiva entre Dones i H\u00f2mens\u201d; \u201csol\u00b7licitar a l&#8217;administraci\u00f3 auton\u00f2mica i a l&#8217;estatal que incloguen en el sistema educatiu iniciatives que afavorisquen la igualtat d&#8217;oportunitats a trav\u00e9s de la coeducaci\u00f3, amb la dotaci\u00f3 pressupost\u00e0ria necess\u00e0ria\u201d; \u201cdemanar al govern espanyol que inicie els tr\u00e0mits per a aprovar una llei d&#8217;equiparaci\u00f3 efectiva salarial entre h\u00f2mens i dones\u201d; i \u201cinstar les diferents administracions (local, auton\u00f2mica i estatal) perqu\u00e8 continuen vetlant pel tractament de la imatge no discriminat\u00f2ria de la dona en els mitjans de comunicaci\u00f3\u201d.<\/p>\n\n\n\n<p>En l\u2019\u00e0mbit m\u00e9s local, l&#8217;acord establit per PP, Cs, PSOE, Podem i Comprom\u00eds implica \u201ccontinuar duent a terme pol\u00edtiques i serveis de prevenci\u00f3 de la viol\u00e8ncia de g\u00e8nere i de suport a les dones que la pateixen, consignant l&#8217;assignaci\u00f3 econ\u00f2mica necess\u00e0ria\u201d. Aix\u00ed mateix, s&#8217;ha de \u201crefor\u00e7ar la Regidoria d&#8217;Igualtat, amb compet\u00e8ncies i pressupost adequat, des d&#8217;on s&#8217;han de coordinar les pol\u00edtiques transversals per a la igualtat entre dones i h\u00f2mens especialment en l&#8217;acc\u00e9s i promoci\u00f3 a l&#8217;ocupaci\u00f3, l&#8217;erradicaci\u00f3 de la viol\u00e8ncia de g\u00e8nere, l&#8217;educaci\u00f3, les pensions, la salut, l&#8217;esport, la societat de la informaci\u00f3, la cultura, la pol\u00edtica exterior i la cooperaci\u00f3 per al desenvolupament\u201d. Finalment, se sol\u00b7licita que es continue \u201caugmentant anualment el pressupost per a pol\u00edtiques d&#8217;igualtat de g\u00e8nere, amb el comprom\u00eds d&#8217;augmentar, almenys, un 5% en els pr\u00f2xims 4 anys\u201d.<\/p>\n\n\n\n<p><\/p>\n\n\n\n<p><strong>Programaci\u00f3 especial<\/strong><\/p>\n\n\n\n<p>La Regidoria d&#8217;Igualtat de l&#8217;Ajuntament de Mutxamel ha preparat una programaci\u00f3 dedicada al Dia Internacional de la Dona que gira entorn d&#8217;un esl\u00f2gan: \u2018Fem.For\u00e7a\u2019. A trav\u00e9s d&#8217;este missatge, durant els actes que s&#8217;han programat les pr\u00f2ximes setmanes es donar\u00e0 visibilitat a dones que van tractar de posar en relleu la seua labor en camps del saber o \u00e0rees professionals que fins a eixe moment nom\u00e9s era \u201cterritori dels h\u00f2mens\u201d. Per mitj\u00e0 d&#8217;una campanya en xarxes socials es difondran la labor d&#8217;estes pioneres, l\u2019esfor\u00e7 i la dedicaci\u00f3 de les quals s\u00f3n qualitats que s&#8217;han de recon\u00e9ixer en l&#8217;actualitat.<\/p>\n\n\n\n<p>Al costat de la campanya en xarxes socials, la Regidoria d&#8217;Igualtat que dirigix Inmaculada P\u00e9rez ha programat diversos actes de to cultural i formatiu, destinats tant al p\u00fablic adult com als adolescents. Dissabte passat va arrancar la programaci\u00f3 a la Casa de Cultura amb l&#8217;obra de teatre \u2018El amor deber\u00eda estar prohibido\u2019, una com\u00e8dia escrita per Juan Luis Mira. En el mateix escenari, dem\u00e0, 9 de mar\u00e7, a les 11.30 hores, Juan Antonio Olmedo oferir\u00e0 el recital \u20188M: mujeres poetas y libres\u2019, destinat a j\u00f3vens dels instituts de secund\u00e0ria. I el 18 de mar\u00e7, l&#8217;associaci\u00f3 cultural Cin\u00e9tika ha preparat el muntatge \u2018Soliloqu\u00eda. Un homenatge a la dona\u2019, on intervindran dones de 12 a 70 anys que oferiran mon\u00f2legs, reflexions i cants a la dona.<\/p>\n\n\n\n<p>En l&#8217;apartat formatiu, la Casa de la Joventut acollir\u00e0 activitats cada dimecres, de 10 a 11:0 hores. El 9 de mar\u00e7 finalitza el taller \u2018Desenvolupant fortaleses\u2019, i els dies 16, 23 i 30 hi ha programat un taller de relaxaci\u00f3. Estes sessions s\u00f3n gratu\u00eftes. Per a participar en el taller de relaxaci\u00f3 fa falta inscriure&#8217;s en 965 95 64 40.<\/p>\n\n\n\n<div class=\"wp-block-image\"><figure class=\"aligncenter\"><img decoding=\"async\" src=\"https:\/\/ayto.mutxamel.org\/wp-content\/uploads\/concentracion-8-marzo-ayuntamiento-mutxamel-web-2.jpg\" alt=\"La imagen tiene un atributo ALT vac\u00edo; su nombre de archivo es concentracion-8-marzo-ayuntamiento-mutxamel-web-2.jpg\" \/><\/figure><\/div>\n","protected":false},"excerpt":{"rendered":"<p>En l&#8217;acte, obert a la ciutadania i amb participaci\u00f3 del col\u00b7lectiu laboral municipal, es llig un manifest que reclama reduir desigualtats entre h\u00f2mens i dones 8 de mar\u00e7 de 2022 La porta de l&#8217;Ajuntament de Mutxamel ha sigut, un any m\u00e9s, l&#8217;escenari triat per a la lectura d&#8217;un manifest amb motiu del Dia Internacional de&#8230;<\/p>\n","protected":false},"author":6,"featured_media":32329,"comment_status":"closed","ping_status":"closed","sticky":false,"template":"","format":"standard","meta":{"footnotes":""},"categories":[226,282],"tags":[332,192,261],"class_list":["post-15789","post","type-post","status-publish","format-standard","has-post-thumbnail","hentry","category-notas-de-prensa","category-noticies","tag-gabinetcomunicacio","tag-gabinetecomunicacion","tag-igualtat"],"acf":[],"_links":{"self":[{"href":"https:\/\/dev.mutxamel.org\/ca\/wp-json\/wp\/v2\/posts\/15789","targetHints":{"allow":["GET"]}}],"collection":[{"href":"https:\/\/dev.mutxamel.org\/ca\/wp-json\/wp\/v2\/posts"}],"about":[{"href":"https:\/\/dev.mutxamel.org\/ca\/wp-json\/wp\/v2\/types\/post"}],"author":[{"embeddable":true,"href":"https:\/\/dev.mutxamel.org\/ca\/wp-json\/wp\/v2\/users\/6"}],"replies":[{"embeddable":true,"href":"https:\/\/dev.mutxamel.org\/ca\/wp-json\/wp\/v2\/comments?post=15789"}],"version-history":[{"count":0,"href":"https:\/\/dev.mutxamel.org\/ca\/wp-json\/wp\/v2\/posts\/15789\/revisions"}],"wp:featuredmedia":[{"embeddable":true,"href":"https:\/\/dev.mutxamel.org\/ca\/wp-json\/wp\/v2\/media\/32329"}],"wp:attachment":[{"href":"https:\/\/dev.mutxamel.org\/ca\/wp-json\/wp\/v2\/media?parent=15789"}],"wp:term":[{"taxonomy":"category","embeddable":true,"href":"https:\/\/dev.mutxamel.org\/ca\/wp-json\/wp\/v2\/categories?post=15789"},{"taxonomy":"post_tag","embeddable":true,"href":"https:\/\/dev.mutxamel.org\/ca\/wp-json\/wp\/v2\/tags?post=15789"}],"curies":[{"name":"wp","href":"https:\/\/api.w.org\/{rel}","templated":true}]}}