{"id":15940,"date":"2022-03-11T12:59:48","date_gmt":"2022-03-11T11:59:48","guid":{"rendered":"https:\/\/ayto.mutxamel.org\/?p=15940"},"modified":"2023-12-04T09:49:12","modified_gmt":"2023-12-04T08:49:12","slug":"mutxamel-envia-a-la-ciutat-de-la-llum-mes-de-200-caixes-de-material-sanitari-i-productes-infantils-per-a-ucraina","status":"publish","type":"post","link":"https:\/\/dev.mutxamel.org\/ca\/mutxamel-envia-a-la-ciutat-de-la-llum-mes-de-200-caixes-de-material-sanitari-i-productes-infantils-per-a-ucraina\/","title":{"rendered":"Mutxamel envia a la Ciutat de la Llum m\u00e9s de 200 caixes de material sanitari i productes infantils per a Ucra\u00efna"},"content":{"rendered":"\n<p><em><strong>Totes les donacions recollides a la Casa de Cultura i en la Parr\u00f2quia s&#8217;han etiquetat perqu\u00e8 siga m\u00e9s f\u00e0cil la seua distribuci\u00f3 entre les v\u00edctimes de la guerra<\/strong><\/em><\/p>\n\n\n\n<p>Mutxamel ha aconseguit recollir en unes setmanes diversos milers de quilos de material sanitari b\u00e0sic de primera necessitat, aix\u00ed com productes destinats a l\u2019atenci\u00f3 de menors, com bolquers, llet en pols per a beb\u00e9s i medicaments en dosis infantils. Despr\u00e9s de dies de recollida, emmagatzematge i organitzaci\u00f3, tasques en qu\u00e8 han col\u00b7laborat personal de l&#8217;Ajuntament de Mutxamel, aix\u00ed com ve\u00efns voluntaris, s&#8217;han aconseguit empaquetar m\u00e9s de 200 caixes (en concret, 211), cadascuna d&#8217;elles etiquetada convenientment segons la mena de productes que es guarda en l\u2019interior. Etiquetes numerades i, fins i tot, en dos idiomes, castell\u00e0 i angl\u00e9s, per a facilitar la seua distribuci\u00f3 posterior entre les v\u00edctimes de la guerra provocada per R\u00fassia en envair Ucra\u00efna.<\/p>\n\n\n\n<div class=\"wp-block-image\"><figure class=\"aligncenter\"><img decoding=\"async\" src=\"https:\/\/ayto.mutxamel.org\/wp-content\/uploads\/CAJAS-MATERIAL-PARA-UCRANIA-MUTXAMEL-4.jpg\" alt=\"\" \/><\/figure><\/div>\n\n\n\n<p>Totes estes caixes, carregades per complet amb les donacions realitzades per la ciutadania de Mutxamel, s&#8217;han traslladat al magatzem general habilitat per la Generalitat a la Ciutat de la Llum. L&#8217;ajuntament ha utilitzat dos vehicles de gran volum, carregats per complet, per a traslladar les 211 caixes arreplegades de material humanitari, un material recollit tant a la Casa de Cultura com en la Parr\u00f2quia del Salvador. <\/p>\n\n\n\n<div class=\"wp-block-image\"><figure class=\"aligncenter\"><img decoding=\"async\" src=\"https:\/\/ayto.mutxamel.org\/wp-content\/uploads\/CAJAS-MATERIAL-PARA-UCRANIA-MUTXAMEL-10-1024x576.jpeg\" alt=\"\" \/><\/figure><\/div>\n\n\n\n<p>Tots eixos paquets han eixit a mitjan mat\u00ed de la Casa de Cultura i s&#8217;han descarregat en les naus de l&#8217;antic complex audiovisual de la Ciutat de la Llum, on la Generalitat est\u00e0 realitzant tot l&#8217;apilament de material de primera necessitat, que al m\u00e9s aviat possible ser\u00e0 traslladat en combois solidaris a Ucra\u00efna.<\/p>\n\n\n\n<div class=\"wp-block-image\"><figure class=\"aligncenter\"><img decoding=\"async\" src=\"https:\/\/ayto.mutxamel.org\/wp-content\/uploads\/CAJAS-MATERIAL-PARA-UCRANIA-MUTXAMEL-12-1024x576.jpeg\" alt=\"\" \/><\/figure><\/div>\n\n\n\n<p>L&#8217;alcalde de Mutxamel, Sebasti\u00e1n Ca\u00f1adas, que ha acudit a veure el volum del material recollit durant estos \u00faltims dies, ha agra\u00eft les mostres de solidaritat de Mutxamel amb el poble d&#8217;Ucra\u00efna. \u201cTota esta ajuda \u00e9s una prova que no podem deixar abandonades unes persones, que han patit en les seues vides un tomb de 180 graus en q\u00fcesti\u00f3 de dies. Molts han perdut les seues vides i milions d&#8217;ells estan en perill. Per aix\u00f2, Mutxamel sempre estar\u00e0 preparat per a oferir el seu suport, tant a les persones que continuen sobrevivint al seu pa\u00eds com a les fam\u00edlies que aconseguisquen arribar a Alacant i troben una llar a Mutxamel. Ac\u00ed seran ben acollides\u201d, ha manifestat Sebasti\u00e1n Ca\u00f1adas.<\/p>\n\n\n\n<div class=\"wp-block-image\"><figure class=\"aligncenter\"><img decoding=\"async\" src=\"https:\/\/ayto.mutxamel.org\/wp-content\/uploads\/CAJAS-MATERIAL-PARA-UCRANIA-MUTXAMEL-1.jpg\" alt=\"CAJAS MATERIAL PARA UCRANIA MUTXAMEL Sebasti\u00e1n Ca\u00f1adas alcalde (1)\" \/><\/figure><\/div>\n\n\n\n<p>En la campanya solid\u00e0ria promoguda per l&#8217;Ajuntament de Mutxamel ha participat tant la ciutadania en general com col\u00b7lectius, associacions, empreses o entitats locals que han volgut aportar el seu gra d&#8217;arena a esta onada solid\u00e0ria a favor del poble ucra\u00efn\u00e9s. El personal de l&#8217;Ajuntament de Mutxamel ha realitzat una col\u00b7lecta volunt\u00e0ria amb la qual s&#8217;ha adquirit material sanitari b\u00e0sic en farm\u00e0cies de la localitat. Aix\u00ed mateix, en estos \u00faltims dies, en les \u00e0rees municipals de Serveis Socials i d&#8217;Educaci\u00f3 ja s&#8217;ha at\u00e9s persones procedents d&#8217;Ucra\u00efna, a les quals se&#8217;ls ha oferit una ajuda b\u00e0sica, inclosa l&#8217;escolaritzaci\u00f3 dels menors, que ja han trobat pla\u00e7a en algun dels centres educatius del municipi. <\/p>\n\n\n\n<div class=\"wp-block-image\"><figure class=\"aligncenter\"><img decoding=\"async\" src=\"https:\/\/ayto.mutxamel.org\/wp-content\/uploads\/CAJAS-MATERIAL-PARA-UCRANIA-MUTXAMEL-6.jpg\" alt=\"\" \/><\/figure><\/div>\n\n\n\n<p>Mutxamel ha focalitzat la seua campanya inicial de recollida en material sanitari que \u00e9s el primer que es necessita en situacions de conflicte b\u00e8l\u00b7lic i, sobretot, que pot travessar fronteres tancades, on nom\u00e9s es deixen passar combois sanitaris amb productes imprescindibles per a hospitals i centres de salut. Esta primera campanya solid\u00e0ria urgent es dona per tancada, encara que no es descarta que, en els pr\u00f2xims dies, en funci\u00f3 de com evolucione la situaci\u00f3, es plantege realitzar un altre tipus de campanyes humanit\u00e0ries en favor de la ciutadania d&#8217;Ucra\u00efna.<\/p>\n","protected":false},"excerpt":{"rendered":"<p>Totes les donacions recollides a la Casa de Cultura i en la Parr\u00f2quia s&#8217;han etiquetat perqu\u00e8 siga m\u00e9s f\u00e0cil la seua distribuci\u00f3 entre les v\u00edctimes de la guerra Mutxamel ha aconseguit recollir en unes setmanes diversos milers de quilos de material sanitari b\u00e0sic de primera necessitat, aix\u00ed com productes destinats a l\u2019atenci\u00f3 de menors, com&#8230;<\/p>\n","protected":false},"author":6,"featured_media":15930,"comment_status":"closed","ping_status":"closed","sticky":false,"template":"","format":"standard","meta":{"footnotes":""},"categories":[464,432,282],"tags":[332,496],"class_list":["post-15940","post","type-post","status-publish","format-standard","has-post-thumbnail","hentry","category-comunicacio","category-notes-de-premsa","category-noticies","tag-gabinetcomunicacio","tag-gabinete-de-comunicacion"],"acf":[],"_links":{"self":[{"href":"https:\/\/dev.mutxamel.org\/ca\/wp-json\/wp\/v2\/posts\/15940","targetHints":{"allow":["GET"]}}],"collection":[{"href":"https:\/\/dev.mutxamel.org\/ca\/wp-json\/wp\/v2\/posts"}],"about":[{"href":"https:\/\/dev.mutxamel.org\/ca\/wp-json\/wp\/v2\/types\/post"}],"author":[{"embeddable":true,"href":"https:\/\/dev.mutxamel.org\/ca\/wp-json\/wp\/v2\/users\/6"}],"replies":[{"embeddable":true,"href":"https:\/\/dev.mutxamel.org\/ca\/wp-json\/wp\/v2\/comments?post=15940"}],"version-history":[{"count":1,"href":"https:\/\/dev.mutxamel.org\/ca\/wp-json\/wp\/v2\/posts\/15940\/revisions"}],"predecessor-version":[{"id":36802,"href":"https:\/\/dev.mutxamel.org\/ca\/wp-json\/wp\/v2\/posts\/15940\/revisions\/36802"}],"wp:featuredmedia":[{"embeddable":true,"href":"https:\/\/dev.mutxamel.org\/ca\/wp-json\/"}],"wp:attachment":[{"href":"https:\/\/dev.mutxamel.org\/ca\/wp-json\/wp\/v2\/media?parent=15940"}],"wp:term":[{"taxonomy":"category","embeddable":true,"href":"https:\/\/dev.mutxamel.org\/ca\/wp-json\/wp\/v2\/categories?post=15940"},{"taxonomy":"post_tag","embeddable":true,"href":"https:\/\/dev.mutxamel.org\/ca\/wp-json\/wp\/v2\/tags?post=15940"}],"curies":[{"name":"wp","href":"https:\/\/api.w.org\/{rel}","templated":true}]}}