{"id":16012,"date":"2022-03-17T10:51:44","date_gmt":"2022-03-17T09:51:44","guid":{"rendered":"https:\/\/ayto.mutxamel.org\/?p=16012"},"modified":"2023-12-04T09:48:18","modified_gmt":"2023-12-04T08:48:18","slug":"el-ple-aprova-una-modificacio-de-credit-que-inclou-inversions-en-totes-les-arees-municipals-per-un-valor-de-38-milions-deuros","status":"publish","type":"post","link":"https:\/\/dev.mutxamel.org\/ca\/el-ple-aprova-una-modificacio-de-credit-que-inclou-inversions-en-totes-les-arees-municipals-per-un-valor-de-38-milions-deuros\/","title":{"rendered":"El ple aprova una modificaci\u00f3 de cr\u00e8dit que inclou inversions en totes les \u00e0rees municipals per un valor de 3,8 milions d&#8217;euros"},"content":{"rendered":"\n<p><strong>La corporaci\u00f3 municipal aprova tamb\u00e9 en ple la modificaci\u00f3 de l&#8217;ordenan\u00e7a que regula les plusv\u00e0lues, on s&#8217;incorporen els canvis acordats el novembre passat pel Govern<\/strong><\/p>\n\n\n\n<p>16 de mar\u00e7 de 2022<\/p>\n\n\n\n<p>El ple de l&#8217;Ajuntament de Mutxamel, reunit hui en sessi\u00f3 extraordin\u00e0ria, ha aprovat la primera modificaci\u00f3 de cr\u00e8dits de l&#8217;any, per la qual s&#8217;incorporen en el pressupost municipal de 2022 prop de 3,8 milions d&#8217;euros resultants del romanent de tresoreria obtingut en 2021. En concret, es destinen 3.794.213,49 euros a una s\u00e8rie d&#8217;inversions i obres que afectaran totes les \u00e0rees municipals. La proposta de l&#8217;equip de Govern, formada pel Partit Popular i Ciudadanos, ha sigut aprovada amb els seus 9 vots a favor -no ha pogut assistir al ple una edil de Cs-, als quals s&#8217;han unit els dos regidors de Comprom\u00eds, que tamb\u00e9 han votat de manera positiva. Els portaveus de Vox i Podem s&#8217;han abstingut, mentre que els edils del PSOE han votat en contra de la proposta.<\/p>\n\n\n\n<p>Entre les actuacions m\u00e9s destacades que s&#8217;inclouen en esta modificaci\u00f3 de cr\u00e8dit est\u00e0 la construcci\u00f3 de les noves biblioteques, tant d&#8217;adults com infantil, que es crearan en la pla\u00e7a Ruzafa. Per a este projecte, que forma part d&#8217;un programa de finan\u00e7ament afectat, perqu\u00e8 compta amb una subvenci\u00f3 de la Diputaci\u00f3 d&#8217;Alacant, les arques municipals han destinat 1,6 milions d&#8217;euros. Una altra inversi\u00f3 destacada ser\u00e0 la carcassa ac\u00fastica per a l&#8217;auditori de la Casa de Cultura (a qu\u00e8 es dediquen uns 80.000 euros); un programa de millora, modernitzaci\u00f3 i dotaci\u00f3 d&#8217;infraestructures en el pol\u00edgon industrial Riodel, a m\u00e9s d&#8217;altres actuacions en mat\u00e8ria de seguretat, dotades amb m\u00e9s de 150.000 euros; o la construcci\u00f3 de nous n\u00ednxols en el cementeri municipal per un import aproximat de 140.000 euros.<\/p>\n\n\n\n<p>Altres actuacions, per exemple, aniran encaminades, en educaci\u00f3, a previndre l&#8217;absentisme i refor\u00e7ar el suport escolar; a la promoci\u00f3 del valenci\u00e0; a la C\u00e0tedra Arcadi Blasco; en urbanisme, a la rehabilitaci\u00f3 d&#8217;habitatges en el centre hist\u00f2ric; en igualtat, a l&#8217;adquisici\u00f3 de llibres i creaci\u00f3 de murals urbans; en joventut, a dotar amb un major import els premis i subvencions per a j\u00f3vens, o a l&#8217;equipament de la Casa de la Joventut; en turisme, m\u00e9s panells amb la senyal\u00edstica dels enclavaments m\u00e9s destacats, o noves rutes pel municipi; en comer\u00e7, m\u00e9s bons consum per als usuaris; en medi ambient, una neteja de residus en el llit del Montnegre, a la qual s&#8217;unir\u00e0 una campanya de sensibilitzaci\u00f3; i en agricultura, refor\u00e7ar el suport a la promoci\u00f3 de la Tomata Muchamiel, amb la participaci\u00f3 en fires aliment\u00e0ries o gastron\u00f2miques.<\/p>\n\n\n\n<p><strong>Plusv\u00e0lua<\/strong><\/p>\n\n\n\n<p>D&#8217;altra banda, el ple tamb\u00e9 ha aprovat la modificaci\u00f3 de l&#8217;Ordenan\u00e7a Fiscal Reguladora de l&#8217;Impost sobre l&#8217;Increment de Valor dels Terrenys de Naturalesa Urbana, coneguda com la plusv\u00e0lua. La proposta de la Regidoria d&#8217;Hisenda, que dirigix Lara Llorca, ha comptat amb els vots de l&#8217;equip de Govern (PP i Cs), m\u00e9s els vots del PSOE i Comprom\u00eds, per la qual cosa ha obtingut 18 vots a favor. Per part seua, els portaveus de Vox i Podem han votat en contra.<\/p>\n\n\n\n<p>Amb esta modificaci\u00f3, segons ha explicat Lara Llorca, l&#8217;ordenan\u00e7a s&#8217;adequa als canvis aprovats pel legislador, que va concedir al novembre 6 mesos per a adaptar la norma. Amb este canvi s&#8217;introdu\u00efxen els dos nous sup\u00f2sits pels quals el ciutad\u00e0 pot resoldre una operaci\u00f3 afectada per una plusv\u00e0lua. En concret, l&#8217;administraci\u00f3 est\u00e0 obligada a acceptar la situaci\u00f3 m\u00e9s avantatjosa per al ciutad\u00e0 a inst\u00e0ncies de part, \u00e9s a dir, si el mateix ciutad\u00e0 demana que aix\u00ed siga. Esta modificaci\u00f3 de la taxa far\u00e0 que la recaptaci\u00f3 de l&#8217;impost es redu\u00efsca a Mutxamel un 30%, la qual cosa suposa deixar d&#8217;ingressar vora els 250.000 euros a l&#8217;any. Este minvament en els ingressos, segons l&#8217;edil d&#8217;Hisenda, \u201cno implicar\u00e0 cap modificaci\u00f3 a l&#8217;al\u00e7a de cap impost\u201d, ha explicat Lara Llorca.<\/p>\n\n\n\n<p>A m\u00e9s, la regidora ha indicat que la nova plusv\u00e0lua estar\u00e0 regulada pels valors m\u00e0xims que permet el Govern, que en el cas de Mutxamel \u201cs\u00f3n avantatjosos per al ciutad\u00e0 ja que estan condicionats per les successives baixes del valor cadastral del mercat, amb les reduccions que es van aprovar en 2016, 2017 i 2018\u201d, ha afegit Lara Lorca.<\/p>\n\n\n\n<div class=\"wp-block-image\"><figure class=\"aligncenter\"><img decoding=\"async\" src=\"https:\/\/ayto.mutxamel.org\/wp-content\/uploads\/pleno-16-mar-2022-Mutxamel-01-WEB.png\" alt=\"pleno-16-mar-2022-Mutxamel\" \/><\/figure><\/div>\n","protected":false},"excerpt":{"rendered":"<p>La corporaci\u00f3 municipal aprova tamb\u00e9 en ple la modificaci\u00f3 de l&#8217;ordenan\u00e7a que regula les plusv\u00e0lues, on s&#8217;incorporen els canvis acordats el novembre passat pel Govern 16 de mar\u00e7 de 2022 El ple de l&#8217;Ajuntament de Mutxamel, reunit hui en sessi\u00f3 extraordin\u00e0ria, ha aprovat la primera modificaci\u00f3 de cr\u00e8dits de l&#8217;any, per la qual s&#8217;incorporen en&#8230;<\/p>\n","protected":false},"author":6,"featured_media":16009,"comment_status":"closed","ping_status":"closed","sticky":false,"template":"","format":"standard","meta":{"footnotes":""},"categories":[464,432,282],"tags":[332,496],"class_list":["post-16012","post","type-post","status-publish","format-standard","has-post-thumbnail","hentry","category-comunicacio","category-notes-de-premsa","category-noticies","tag-gabinetcomunicacio","tag-gabinete-de-comunicacion"],"acf":[],"_links":{"self":[{"href":"https:\/\/dev.mutxamel.org\/ca\/wp-json\/wp\/v2\/posts\/16012","targetHints":{"allow":["GET"]}}],"collection":[{"href":"https:\/\/dev.mutxamel.org\/ca\/wp-json\/wp\/v2\/posts"}],"about":[{"href":"https:\/\/dev.mutxamel.org\/ca\/wp-json\/wp\/v2\/types\/post"}],"author":[{"embeddable":true,"href":"https:\/\/dev.mutxamel.org\/ca\/wp-json\/wp\/v2\/users\/6"}],"replies":[{"embeddable":true,"href":"https:\/\/dev.mutxamel.org\/ca\/wp-json\/wp\/v2\/comments?post=16012"}],"version-history":[{"count":1,"href":"https:\/\/dev.mutxamel.org\/ca\/wp-json\/wp\/v2\/posts\/16012\/revisions"}],"predecessor-version":[{"id":36800,"href":"https:\/\/dev.mutxamel.org\/ca\/wp-json\/wp\/v2\/posts\/16012\/revisions\/36800"}],"wp:featuredmedia":[{"embeddable":true,"href":"https:\/\/dev.mutxamel.org\/ca\/wp-json\/"}],"wp:attachment":[{"href":"https:\/\/dev.mutxamel.org\/ca\/wp-json\/wp\/v2\/media?parent=16012"}],"wp:term":[{"taxonomy":"category","embeddable":true,"href":"https:\/\/dev.mutxamel.org\/ca\/wp-json\/wp\/v2\/categories?post=16012"},{"taxonomy":"post_tag","embeddable":true,"href":"https:\/\/dev.mutxamel.org\/ca\/wp-json\/wp\/v2\/tags?post=16012"}],"curies":[{"name":"wp","href":"https:\/\/api.w.org\/{rel}","templated":true}]}}