{"id":20554,"date":"2023-03-08T09:40:07","date_gmt":"2023-03-08T08:40:07","guid":{"rendered":"https:\/\/ayto.mutxamel.org\/?p=20554"},"modified":"2023-12-03T20:36:53","modified_gmt":"2023-12-03T19:36:53","slug":"mutxamel-finalista-a-poble-de-lany-agricola","status":"publish","type":"post","link":"https:\/\/dev.mutxamel.org\/ca\/mutxamel-finalista-a-poble-de-lany-agricola\/","title":{"rendered":"Mutxamel finalista a Poble de l&#8217;Any Agr\u00edcola"},"content":{"rendered":"\r\n<p>8\/03\/2023<\/p>\r\n\r\n\r\n\r\n<p>MUTXAMEL FINALISTA A MILLOR POBLE AGR\u00cdCOLA DE L&#8217;ANY! Nom\u00e9s ens falta el teu vot. Tenim fins al 19 de mar\u00e7 per a votar. Anima&#8217;t!! Entre tots els aconseguirem\ud83d\ude09\ud83d\ude09<\/p>\r\n\r\n\r\n\r\n<p>htt<a href=\"\/\/www.mejorpueblo.es\/pueblo\/mutxamel\/\" target=\"_blank\" rel=\"noreferrer noopener\">ps:\/\/www.mejorpueblo.es\/pueblo\/mutxamel\/<\/a><\/p>\r\n\r\n\r\n\r\n<figure class=\"wp-block-image size-large\"><img decoding=\"async\" class=\"wp-image-20551\" src=\"https:\/\/dev.mutxamel.org\/wp-content\/uploads\/2023\/12\/Cartel_MejorPueblo.jpg\" alt=\"cartel noticia\" \/>\r\n<figcaption>ta<\/figcaption>\r\n<\/figure>\r\n","protected":false},"excerpt":{"rendered":"<p>8\/03\/2023 MUTXAMEL FINALISTA A MILLOR POBLE AGR\u00cdCOLA DE L&#8217;ANY! Nom\u00e9s ens falta el teu vot. Tenim fins al 19 de mar\u00e7 per a votar. Anima&#8217;t!! Entre tots els aconseguirem\ud83d\ude09\ud83d\ude09 https:\/\/www.mejorpueblo.es\/pueblo\/mutxamel\/<\/p>\n","protected":false},"author":5,"featured_media":36728,"comment_status":"closed","ping_status":"closed","sticky":false,"template":"","format":"standard","meta":{"footnotes":""},"categories":[282],"tags":[],"class_list":["post-20554","post","type-post","status-publish","format-standard","has-post-thumbnail","hentry","category-noticies"],"acf":[],"_links":{"self":[{"href":"https:\/\/dev.mutxamel.org\/ca\/wp-json\/wp\/v2\/posts\/20554","targetHints":{"allow":["GET"]}}],"collection":[{"href":"https:\/\/dev.mutxamel.org\/ca\/wp-json\/wp\/v2\/posts"}],"about":[{"href":"https:\/\/dev.mutxamel.org\/ca\/wp-json\/wp\/v2\/types\/post"}],"author":[{"embeddable":true,"href":"https:\/\/dev.mutxamel.org\/ca\/wp-json\/wp\/v2\/users\/5"}],"replies":[{"embeddable":true,"href":"https:\/\/dev.mutxamel.org\/ca\/wp-json\/wp\/v2\/comments?post=20554"}],"version-history":[{"count":1,"href":"https:\/\/dev.mutxamel.org\/ca\/wp-json\/wp\/v2\/posts\/20554\/revisions"}],"predecessor-version":[{"id":36733,"href":"https:\/\/dev.mutxamel.org\/ca\/wp-json\/wp\/v2\/posts\/20554\/revisions\/36733"}],"wp:featuredmedia":[{"embeddable":true,"href":"https:\/\/dev.mutxamel.org\/ca\/wp-json\/wp\/v2\/media\/36728"}],"wp:attachment":[{"href":"https:\/\/dev.mutxamel.org\/ca\/wp-json\/wp\/v2\/media?parent=20554"}],"wp:term":[{"taxonomy":"category","embeddable":true,"href":"https:\/\/dev.mutxamel.org\/ca\/wp-json\/wp\/v2\/categories?post=20554"},{"taxonomy":"post_tag","embeddable":true,"href":"https:\/\/dev.mutxamel.org\/ca\/wp-json\/wp\/v2\/tags?post=20554"}],"curies":[{"name":"wp","href":"https:\/\/api.w.org\/{rel}","templated":true}]}}