{"id":20837,"date":"2023-03-22T07:35:35","date_gmt":"2023-03-22T06:35:35","guid":{"rendered":"https:\/\/ayto.mutxamel.org\/?p=20837"},"modified":"2023-12-03T19:57:11","modified_gmt":"2023-12-03T18:57:11","slug":"street-food-market-a-mutxamel","status":"publish","type":"post","link":"https:\/\/dev.mutxamel.org\/ca\/street-food-market-a-mutxamel\/","title":{"rendered":"Street Food Market a Mutxamel"},"content":{"rendered":"\r\n<p>Des del 31 de mar\u00e7 fins al 2 d&#8217;abril s&#8217;instal\u00b7laran les millors foodtrucks amb una gran varietat de gastronomia de qualitat al Parc Canyar dels *Portelles<\/p>\r\n\r\n\r\n\r\n<p>Una selecci\u00f3 de les millors foodtrucks tornaran a instal\u00b7lar-se des de divendres que ve 31 de mar\u00e7 a les 18.00 h i fins al diumenge 2 d&#8217;abril a les 19.00 h al Parc Canyar dels Portelles de Mutxamel. En aquesta setena edici\u00f3 de Mutxamel Street Food Market s&#8217;ha apostat per una gran varietat d&#8217;activitats com a m\u00fasica en directe i activitats infantils que es podran gaudir durant els 3 dies i seran d&#8217;acc\u00e9s lliure. Com en totes les edicions de tour, els assistents podran degustar d&#8217;una variada gastronomia de qualitat a un preu assequible, amenitzat amb m\u00fasica i activitats gratu\u00eftes.<\/p>\r\n\r\n\r\n\r\n<p>Durant els dies 31 de mar\u00e7, 1 i 2 d&#8217;abril un total de 10 foodtrucks vintage serviran menjar que inclou ofertes gastron\u00f2miques de tot el m\u00f3n com tex mex, gossets, hamburgueses, argentina, italiana, japonesa o cardes. Totes les edats podran divertir-se amb una programaci\u00f3 especial on comen\u00e7ar\u00e0 el divendres vesprada amb Cuantacuentos per als m\u00e9s xicotets. En aquesta setena edici\u00f3 es compta amb 4 directes que abasten diferents estils musicals: la nit del divendres amb SEGLE XXI Tribut a Mecano, una de les bandes amb els millors temes del fam\u00f3s grup; la matinal del dissabte ser\u00e0 per a The Liverpool Band, que torna a Mutxamel amb els millors temes de The Beatles; Xeco Rojo, el m\u00fasic nascut a Madrid far\u00e0 ballar i cantar als assistents la nit del dissabte; i per a tancar la programaci\u00f3 de directes musicals DIES DE RADI realitzar\u00e0 un recorregut pels temes m\u00e9s cl\u00e0ssics dels 80\u00b4s i 90\u00b4s en el mat\u00ed del diumenge. Per\u00f2 la programaci\u00f3 no es tanca ac\u00ed. El dissabte el Pallasso Edy actuar\u00e0 al mat\u00ed per al gaudi dels m\u00e9s xicotets i per a la nit hi haur\u00e0 riures amb una nit de com\u00e8dia amb Alacant Comedy. Es destaca l&#8217;actuaci\u00f3 de Dani Miquel amb el seu espectacle per a tota la fam\u00edlia el diumenge al mat\u00ed.<\/p>\r\n\r\n\r\n\r\n<p>Durant els tres dies es compta amb DJ Adriasola per a amenitzar aquestes jornades de streetfood per als moments que no hi haja directes. I per a acompanyar a la gastronomia s&#8217;instal\u00b7laran barres de beguda amb cervesa, refrescos o mojitos. Gaudir de la gastronomia com dels concerts i activitats \u00e9s gratu\u00eft.<\/p>\r\n\r\n\r\n\r\n<p>El Street Food \u00e9s un mercat gastron\u00f3mada format per camions, furgonetes, caravanes, tenderetes i carrets de food trucks amb est\u00e8tica vintage, que ofereixen una \u00e0mplia oferta gastron\u00f2mica de qualitat. El seu objectiu \u00e9s unir la cultura gastron\u00f2mica a la cultura de l&#8217;\u00fas i el gaudi de l&#8217;espai p\u00fablic.<\/p>\r\n\r\n\r\n\r\n<p>La regidora de turisme Inmaculada P\u00e9rez, ha destacat la varietat en la programaci\u00f3, a m\u00e9s del \u201centorn \u00fanic que ofereix El Canyar dels Portelles per a gaudir de les ofertes gastron\u00f2miques i de m\u00fasica en directe per a tots els gustos\u201d. Per part seua, Amadou Sow ha ressaltat l&#8217;oferta de gastron\u00f2mica de qualitat que podr\u00e0 degustar-se en les foodtrucks. Aix\u00ed mateix, Sebasti\u00e1n Ca\u00f1adas, ha destacat que, a Mutxamel, \u201cestem oberts a posar en valor i difondre la cuina tradicional, amb els sabors gastron\u00f2mics internacionals\u201d.<\/p>\r\n\r\n\r\n\r\n<div class=\"wp-block-image\">\r\n<figure class=\"aligncenter size-large\"><img decoding=\"async\" class=\"wp-image-20822\" src=\"https:\/\/dev.mutxamel.org\/wp-content\/uploads\/2023\/12\/cartelsfm.jpg\" alt=\"Cartel noticia\" \/><\/figure>\r\n<\/div>\r\n\r\n\r\n\r\n<figure class=\"wp-block-image size-full\"><img decoding=\"async\" class=\"wp-image-20823\" src=\"https:\/\/dev.mutxamel.org\/wp-content\/uploads\/2023\/12\/Cartel-SFM_Mutxamel-2023_Actividades.jpg\" alt=\"Cartel eventos\" \/><\/figure>\r\n","protected":false},"excerpt":{"rendered":"<p>Des del 31 de mar\u00e7 fins al 2 d&#8217;abril s&#8217;instal\u00b7laran les millors foodtrucks amb una gran varietat de gastronomia de qualitat al Parc Canyar dels *Portelles Una selecci\u00f3 de les millors foodtrucks tornaran a instal\u00b7lar-se des de divendres que ve 31 de mar\u00e7 a les 18.00 h i fins al diumenge 2 d&#8217;abril a les&#8230;<\/p>\n","protected":false},"author":5,"featured_media":36667,"comment_status":"closed","ping_status":"closed","sticky":false,"template":"","format":"standard","meta":{"footnotes":""},"categories":[282,437],"tags":[262],"class_list":["post-20837","post","type-post","status-publish","format-standard","has-post-thumbnail","hentry","category-noticies","category-turisme","tag-turisme"],"acf":[],"_links":{"self":[{"href":"https:\/\/dev.mutxamel.org\/ca\/wp-json\/wp\/v2\/posts\/20837","targetHints":{"allow":["GET"]}}],"collection":[{"href":"https:\/\/dev.mutxamel.org\/ca\/wp-json\/wp\/v2\/posts"}],"about":[{"href":"https:\/\/dev.mutxamel.org\/ca\/wp-json\/wp\/v2\/types\/post"}],"author":[{"embeddable":true,"href":"https:\/\/dev.mutxamel.org\/ca\/wp-json\/wp\/v2\/users\/5"}],"replies":[{"embeddable":true,"href":"https:\/\/dev.mutxamel.org\/ca\/wp-json\/wp\/v2\/comments?post=20837"}],"version-history":[{"count":1,"href":"https:\/\/dev.mutxamel.org\/ca\/wp-json\/wp\/v2\/posts\/20837\/revisions"}],"predecessor-version":[{"id":36674,"href":"https:\/\/dev.mutxamel.org\/ca\/wp-json\/wp\/v2\/posts\/20837\/revisions\/36674"}],"wp:featuredmedia":[{"embeddable":true,"href":"https:\/\/dev.mutxamel.org\/ca\/wp-json\/wp\/v2\/media\/36667"}],"wp:attachment":[{"href":"https:\/\/dev.mutxamel.org\/ca\/wp-json\/wp\/v2\/media?parent=20837"}],"wp:term":[{"taxonomy":"category","embeddable":true,"href":"https:\/\/dev.mutxamel.org\/ca\/wp-json\/wp\/v2\/categories?post=20837"},{"taxonomy":"post_tag","embeddable":true,"href":"https:\/\/dev.mutxamel.org\/ca\/wp-json\/wp\/v2\/tags?post=20837"}],"curies":[{"name":"wp","href":"https:\/\/api.w.org\/{rel}","templated":true}]}}